{"id":2068,"date":"2019-09-04T11:47:52","date_gmt":"2019-09-04T08:47:52","guid":{"rendered":"https:\/\/www.lvngroom.fi\/?p=2068"},"modified":"2019-09-05T08:25:03","modified_gmt":"2019-09-05T05:25:03","slug":"vad-hander-med-dina-sociala-medier-nar-du-dor","status":"publish","type":"post","link":"https:\/\/www.lvngroom.fi\/sv\/2019\/09\/04\/vad-hander-med-dina-sociala-medier-nar-du-dor\/","title":{"rendered":"Vad h\u00e4nder med dina sociala medier n\u00e4r du d\u00f6r?"},"content":{"rendered":"<p>Nu n\u00e4r de sociala medierna varit en del av m\u00e5ngas liv redan i \u00f6ver ett decennium blir det allt tydligare att \u00e4ven d\u00f6den m\u00e5ste beaktas. Detta funderar vi inte p\u00e5 s\u00e5 ofta som vi kanske borde. Jag vill inte m\u00e5la fan p\u00e5 v\u00e4ggen, men vi alla kommer att d\u00f6 en dag (resten av dagarna ska vi dock leva, s\u00e4ger de kloka). Har du n\u00e5gonsin funderat p\u00e5 vad du vill g\u00f6ra med dina konton i sociala medierna? Det handlar om fotografier, diskussioner, minnen f\u00f6r de kvarlevande.<\/p>\n<p>Olika kanaler har olika kutymer kring d\u00f6den. Det \u00e4r bra att diskutera vad du vill g\u00f6ra med dina konton efter din bortg\u00e5ng, \u00e4ven om bortg\u00e5ngen kan k\u00e4nnas v\u00e4ldigt avl\u00e4gsen just nu.<\/p>\n<p>Vad h\u00e4nder med v\u00e5ra digitala fotsp\u00e5r efter d\u00f6den? Vem ska administrera detta och hur b\u00f6r den g\u00e5 tillv\u00e4ga? Jag har exempelvis slutat printa ut fotografier redan f\u00f6r 10 \u00e5r sedan. Mina minnen finns i bl.a. Google Photos, Facebook, Instagram och diverse kanaler och externa h\u00e5rdskivor. Dessa foton kan vara v\u00e4ldigt v\u00e4rdefulla f\u00f6r sl\u00e4kt och v\u00e4nner efter min bortg\u00e5ng.<\/p>\n<p>Som tur finns det riktigt bra instruktioner f\u00f6r de d\u00f6das konton i de flesta kanaler d\u00e4r folkmassorna hopar sig till. Men vet dina n\u00e4ra och k\u00e4ra vad just du \u00f6nskar att ska g\u00f6ras med dina minnen i de sociala medierna?<\/p>\n<p>H\u00e4r kommer n\u00e5gra konkreta tips:<\/p>\n<ul>\n<li>Det vore bra att n\u00e5gra av de n\u00e4rmaste som du litar p\u00e5 allra mest hade tillg\u00e5ng till dina inloggningsuppgifter efter din d\u00f6d. Detta ger dem m\u00f6jligheten att ta tillvara viktiga fotografier och andra minnen fr\u00e5n ditt konto f\u00f6re det eventuellt tas bort<\/li>\n<li>Ber\u00e4tta \u00e5t dina n\u00e4rmaste vad du \u00f6nskar att de g\u00f6r med dina konton efter din d\u00f6d<\/li>\n<li>Du kan g\u00f6ra om den d\u00f6das Facebook till en minnessida enligt dessa instruktioner: <a href=\"https:\/\/www.facebook.com\/help\/requestmemorialization\" target=\"_blank\" rel=\"noopener noreferrer\">https:\/\/www.facebook.com\/help\/requestmemorialization<\/a> \u2013 s\u00e5 kan profilen bes\u00f6kas av v\u00e4nnerna \u00e4ven efter din d\u00f6d<\/li>\n<li>Om du vill att kontot tas bort helt och h\u00e5llet b\u00f6r dessa instruktioner f\u00f6ljas, dvs. den anh\u00f6riga b\u00f6r bevisa din d\u00f6d och sin roll j\u00e4mtemot dig med n\u00e5gra dokument: <a href=\"https:\/\/www.facebook.com\/help\/1518259735093203\" target=\"_blank\" rel=\"noopener noreferrer\">https:\/\/www.facebook.com\/help\/1518259735093203<\/a><\/li>\n<li>Instagram har klara bud vid d\u00f6dsfall, instruktionerna p\u00e5minner v\u00e4ldigt mycket om Facebooks; du kan ta bort kontot eller g\u00f6ras till ett minneskonto: <a href=\"https:\/\/help.instagram.com\/264154560391256\" target=\"_blank\" rel=\"noopener noreferrer\">https:\/\/help.instagram.com\/264154560391256<\/a><\/li>\n<li>\u00c4ven Twitter har tydliga regler vid d\u00f6dsfall: <a href=\"https:\/\/help.twitter.com\/en\/rules-and-policies\/contact-twitter-about-a-deceased-family-members-account\" target=\"_blank\" rel=\"noopener noreferrer\">https:\/\/help.twitter.com\/en\/rules-and-policies\/contact-twitter-about-a-deceased-family-members-account<\/a><\/li>\n<li>\u00a0LinkedIns instruktioner vid d\u00f6dsfall finns h\u00e4r: <a href=\"https:\/\/www.linkedin.com\/pulse\/how-report-death-linkedin-member-susie-sharp-\/\" target=\"_blank\" rel=\"noopener noreferrer\">https:\/\/www.linkedin.com\/pulse\/how-report-death-linkedin-member-susie-sharp-\/<\/a><\/li>\n<\/ul>\n<p>Varf\u00f6r bloggar jag om detta just nu?<\/p>\n<p>Ig\u00e5r h\u00e4nde n\u00e5got som fick mig att stanna upp totalt. En av mina Facebook-v\u00e4nner, som jag anser vara mer \u00e4n en avl\u00e4gsen kompis men h\u00f6r \u00e4nd\u00e5 inte till min n\u00e4rmaste krets, firade f\u00f6delsedag. Just d\u00e5 jag h\u00f6ll p\u00e5 att skriva en gratulation till henne ins\u00e5g jag att det senaste jag h\u00f6rt av henne var att hon var tvungen att bes\u00f6ka sjukhuset g\u00e5ng p\u00e5 g\u00e5ng i \u00e5rsskiftet. Jag k\u00e4nde att jag nog m\u00e5ste kolla upp hennes konto f\u00f6re jag gratulerar henne med n\u00e5got glatt meddelande. Det visade sig att hon avlidit i april. En r\u00e4tt s\u00e5 ung kvinna, positiv in i det sista hade g\u00e5tt bort och jag hade missat detta totalt. Det k\u00e4ndes v\u00e4ldigt olustigt och samtidigt blev jag naturligtvis v\u00e4ldigt ledsen f\u00f6r hennes bortg\u00e5ng.<\/p>\n<p>Denna text \u00e4ndrar inte p\u00e5 det faktum att Facebook faktiskt manipulerar v\u00e5r feed med sina algoritmer s\u00e5 att vi faktiskt ser bara en br\u00e5kdel av de kontakter och inl\u00e4gg som vi l\u00e4ngs med \u00e5ren samlat p\u00e5 oss. Och p\u00e5 grund av det o\u00e4ndliga nyhetsfl\u00f6det missar vi helt att vi inte faktiskt ser och h\u00f6r av vissa m\u00e4nniskor (\u00e4ven n\u00e4ra kontakter) p\u00e5 l\u00e5nga tider. Den h\u00e4r texten \u00e4ndrar inget av detta, men f\u00f6rhoppningsvis hj\u00e4lper den n\u00e5gon i en stor sorg att hantera en del av det som hanteras b\u00f6r.<\/p>\n<p>Laura<\/p>\n<span class=\"et_bloom_bottom_trigger\"><\/span>","protected":false},"excerpt":{"rendered":"<p>Nu n\u00e4r de sociala medierna varit en del av m\u00e5ngas liv redan i \u00f6ver ett decennium blir det allt tydligare att \u00e4ven d\u00f6den m\u00e5ste beaktas. Detta funderar vi inte p\u00e5 s\u00e5 ofta som vi kanske borde. Jag vill inte m\u00e5la fan p\u00e5 v\u00e4ggen, men vi alla kommer att d\u00f6 en dag (resten av dagarna ska [&hellip;]<\/p>\n","protected":false},"author":2,"featured_media":2010,"comment_status":"open","ping_status":"closed","sticky":false,"template":"","format":"standard","meta":{"_et_pb_use_builder":"","_et_pb_old_content":"","_et_gb_content_width":"","footnotes":""},"categories":[18,20,24],"tags":[131],"class_list":["post-2068","post","type-post","status-publish","format-standard","has-post-thumbnail","hentry","category-blogi-sv","category-sosiaalinen-media-sv","category-svenska","tag-sociala-medier-och-doden"],"_links":{"self":[{"href":"https:\/\/www.lvngroom.fi\/sv\/wp-json\/wp\/v2\/posts\/2068","targetHints":{"allow":["GET"]}}],"collection":[{"href":"https:\/\/www.lvngroom.fi\/sv\/wp-json\/wp\/v2\/posts"}],"about":[{"href":"https:\/\/www.lvngroom.fi\/sv\/wp-json\/wp\/v2\/types\/post"}],"author":[{"embeddable":true,"href":"https:\/\/www.lvngroom.fi\/sv\/wp-json\/wp\/v2\/users\/2"}],"replies":[{"embeddable":true,"href":"https:\/\/www.lvngroom.fi\/sv\/wp-json\/wp\/v2\/comments?post=2068"}],"version-history":[{"count":0,"href":"https:\/\/www.lvngroom.fi\/sv\/wp-json\/wp\/v2\/posts\/2068\/revisions"}],"wp:featuredmedia":[{"embeddable":true,"href":"https:\/\/www.lvngroom.fi\/sv\/wp-json\/wp\/v2\/media\/2010"}],"wp:attachment":[{"href":"https:\/\/www.lvngroom.fi\/sv\/wp-json\/wp\/v2\/media?parent=2068"}],"wp:term":[{"taxonomy":"category","embeddable":true,"href":"https:\/\/www.lvngroom.fi\/sv\/wp-json\/wp\/v2\/categories?post=2068"},{"taxonomy":"post_tag","embeddable":true,"href":"https:\/\/www.lvngroom.fi\/sv\/wp-json\/wp\/v2\/tags?post=2068"}],"curies":[{"name":"wp","href":"https:\/\/api.w.org\/{rel}","templated":true}]}}